{"id":228,"date":"2018-03-18T11:54:55","date_gmt":"2018-03-18T10:54:55","guid":{"rendered":"http:\/\/don-raffo.com\/blog\/?p=228"},"modified":"2018-03-18T12:35:33","modified_gmt":"2018-03-18T11:35:33","slug":"perspektiven-im-alter-knast-oder-karibik","status":"publish","type":"post","link":"http:\/\/don-raffo.com\/blog\/2018\/03\/18\/perspektiven-im-alter-knast-oder-karibik\/","title":{"rendered":"Perspektiven im Alter, Knast oder Karibik"},"content":{"rendered":"<p>Das Bild sagt eigentlich schon alles. W\u00e4re ich von Altersarmut, nach 40 Jahren harter Arbeit, betroffen, k\u00e4me ich schon auf den Gedanken mit so einigen Politikern, Topmanagern, Vorstandsvorsitzenden und \u00e4hnlichen Ganoven mal \u00fcber einen vern\u00fcnftigen &#8222;Wirtschaftsausgleich&#8220; zu diskutieren. Damit dabei vern\u00fcnftige Ergebnisse erzielt werden k\u00f6nnen, w\u00fcrde ich zu dieser &#8222;Gespr\u00e4chsrunde&#8220; nat\u00fcrlich auch meine Kumpels Heckler und Koch mitnehmen. Es gab da mal so eine Rentnergang als Bankr\u00e4uber, vor den &#8222;Jungs&#8220; ziehe ich absolut &#8222;den Hut&#8220;. Kann nat\u00fcrlich sein, dass ihr anders denkt oder doch \u00e4hnlich. Bin gespannt auch eure Meinung&#8230;<\/p>\n","protected":false},"excerpt":{"rendered":"<p>Das Bild sagt eigentlich schon alles. W\u00e4re ich von Altersarmut, nach 40 Jahren harter Arbeit, betroffen, k\u00e4me ich schon auf den Gedanken [&hellip;]<\/p>\n","protected":false},"author":1,"featured_media":227,"comment_status":"open","ping_status":"open","sticky":false,"template":"","format":"standard","meta":{"_eb_attr":"","footnotes":""},"categories":[1],"tags":[],"class_list":["post-228","post","type-post","status-publish","format-standard","has-post-thumbnail","hentry","category-allgemein"],"_links":{"self":[{"href":"http:\/\/don-raffo.com\/blog\/wp-json\/wp\/v2\/posts\/228","targetHints":{"allow":["GET"]}}],"collection":[{"href":"http:\/\/don-raffo.com\/blog\/wp-json\/wp\/v2\/posts"}],"about":[{"href":"http:\/\/don-raffo.com\/blog\/wp-json\/wp\/v2\/types\/post"}],"author":[{"embeddable":true,"href":"http:\/\/don-raffo.com\/blog\/wp-json\/wp\/v2\/users\/1"}],"replies":[{"embeddable":true,"href":"http:\/\/don-raffo.com\/blog\/wp-json\/wp\/v2\/comments?post=228"}],"version-history":[{"count":2,"href":"http:\/\/don-raffo.com\/blog\/wp-json\/wp\/v2\/posts\/228\/revisions"}],"predecessor-version":[{"id":234,"href":"http:\/\/don-raffo.com\/blog\/wp-json\/wp\/v2\/posts\/228\/revisions\/234"}],"wp:featuredmedia":[{"embeddable":true,"href":"http:\/\/don-raffo.com\/blog\/wp-json\/wp\/v2\/media\/227"}],"wp:attachment":[{"href":"http:\/\/don-raffo.com\/blog\/wp-json\/wp\/v2\/media?parent=228"}],"wp:term":[{"taxonomy":"category","embeddable":true,"href":"http:\/\/don-raffo.com\/blog\/wp-json\/wp\/v2\/categories?post=228"},{"taxonomy":"post_tag","embeddable":true,"href":"http:\/\/don-raffo.com\/blog\/wp-json\/wp\/v2\/tags?post=228"}],"curies":[{"name":"wp","href":"https:\/\/api.w.org\/{rel}","templated":true}]}}